{"id":2869,"date":"2023-07-21T16:13:01","date_gmt":"2023-07-21T16:13:01","guid":{"rendered":"https:\/\/earlyinstitute.org\/sipimexico\/?p=2869"},"modified":"2026-03-12T04:11:43","modified_gmt":"2026-03-12T04:11:43","slug":"retos-y-estrategias-para-combatir-la-pobreza-desde-la-primera-infancia","status":"publish","type":"post","link":"https:\/\/earlyinstitute.org\/sipimexico\/retos-y-estrategias-para-combatir-la-pobreza-desde-la-primera-infancia\/","title":{"rendered":"Retos y estrategias para combatir la pobreza desde la primera infancia"},"content":{"rendered":"\t\t<div data-elementor-type=\"wp-post\" data-elementor-id=\"2869\" class=\"elementor elementor-2869\">\n\t\t\t\t\t\t<section class=\"elementor-section elementor-inner-section elementor-element elementor-element-31097b05 downloadbox elementor-section-boxed elementor-section-height-default elementor-section-height-default\" data-id=\"31097b05\" data-element_type=\"section\">\n\t\t\t\t\t\t<div class=\"elementor-container elementor-column-gap-default\">\n\t\t\t\t\t<div class=\"elementor-column elementor-col-50 elementor-inner-column elementor-element elementor-element-1d2ca641\" data-id=\"1d2ca641\" data-element_type=\"column\">\n\t\t\t<div class=\"elementor-widget-wrap elementor-element-populated\">\n\t\t\t\t\t\t<div class=\"elementor-element elementor-element-6b626c46 elementor-widget elementor-widget-image\" data-id=\"6b626c46\" data-element_type=\"widget\" data-widget_type=\"image.default\">\n\t\t\t\t<div class=\"elementor-widget-container\">\n\t\t\t\t\t\t\t\t\t\t\t\t\t\t\t<img fetchpriority=\"high\" decoding=\"async\" width=\"300\" height=\"300\" src=\"https:\/\/earlyinstitute.org\/sipimexico\/wp-content\/uploads\/2023\/07\/Grafico-Home-SIPI-Mexico-300x300.png\" class=\"attachment-medium size-medium wp-image-2871\" alt=\"\" srcset=\"https:\/\/earlyinstitute.org\/sipimexico\/wp-content\/uploads\/2023\/07\/Grafico-Home-SIPI-Mexico-300x300.png 300w, https:\/\/earlyinstitute.org\/sipimexico\/wp-content\/uploads\/2023\/07\/Grafico-Home-SIPI-Mexico-150x150.png 150w, https:\/\/earlyinstitute.org\/sipimexico\/wp-content\/uploads\/2023\/07\/Grafico-Home-SIPI-Mexico-768x768.png 768w, https:\/\/earlyinstitute.org\/sipimexico\/wp-content\/uploads\/2023\/07\/Grafico-Home-SIPI-Mexico-1024x1024.png 1024w, https:\/\/earlyinstitute.org\/sipimexico\/wp-content\/uploads\/2023\/07\/Grafico-Home-SIPI-Mexico.png 1080w\" sizes=\"(max-width: 300px) 100vw, 300px\" \/>\t\t\t\t\t\t\t\t\t\t\t\t\t\t\t<\/div>\n\t\t\t\t<\/div>\n\t\t\t\t\t<\/div>\n\t\t<\/div>\n\t\t\t\t<div class=\"elementor-column elementor-col-50 elementor-inner-column elementor-element elementor-element-706ada84\" data-id=\"706ada84\" data-element_type=\"column\">\n\t\t\t<div class=\"elementor-widget-wrap elementor-element-populated\">\n\t\t\t\t\t\t<div class=\"elementor-element elementor-element-381237bc elementor-widget elementor-widget-heading\" data-id=\"381237bc\" data-element_type=\"widget\" data-widget_type=\"heading.default\">\n\t\t\t\t<div class=\"elementor-widget-container\">\n\t\t\t\t\t<h2 class=\"elementor-heading-title elementor-size-default\">Descargas<\/h2>\t\t\t\t<\/div>\n\t\t\t\t<\/div>\n\t\t\t\t<div class=\"elementor-element elementor-element-4055ade6 elementor-widget elementor-widget-text-editor\" data-id=\"4055ade6\" data-element_type=\"widget\" data-widget_type=\"text-editor.default\">\n\t\t\t\t<div class=\"elementor-widget-container\">\n\t\t\t\t\t\t\t\t\t<p>Consulta nuestro reporte completo:<\/p>\t\t\t\t\t\t\t\t<\/div>\n\t\t\t\t<\/div>\n\t\t\t\t<div class=\"elementor-element elementor-element-173696b6 onClickDownload elementor-widget elementor-widget-button\" data-id=\"173696b6\" data-element_type=\"widget\" data-widget_type=\"button.default\">\n\t\t\t\t<div class=\"elementor-widget-container\">\n\t\t\t\t\t\t\t\t\t<div class=\"elementor-button-wrapper\">\n\t\t\t\t\t<a class=\"elementor-button elementor-button-link elementor-size-sm\" href=\"https:\/\/earlyinstitute.org\/sipimexico\/wp-content\/uploads\/2023\/07\/230628-Reporte-ejectivo-recomendaciones-pobreza.pdf\" target=\"_blank\">\n\t\t\t\t\t\t<span class=\"elementor-button-content-wrapper\">\n\t\t\t\t\t\t\t\t\t<span class=\"elementor-button-text\">Reporte completo<\/span>\n\t\t\t\t\t<\/span>\n\t\t\t\t\t<\/a>\n\t\t\t\t<\/div>\n\t\t\t\t\t\t\t\t<\/div>\n\t\t\t\t<\/div>\n\t\t\t\t<div class=\"elementor-element elementor-element-fd60335 onClickDownload elementor-widget elementor-widget-button\" data-id=\"fd60335\" data-element_type=\"widget\" data-widget_type=\"button.default\">\n\t\t\t\t<div class=\"elementor-widget-container\">\n\t\t\t\t\t\t\t\t\t<div class=\"elementor-button-wrapper\">\n\t\t\t\t\t<a class=\"elementor-button elementor-button-link elementor-size-sm\" href=\"https:\/\/earlyinstitute.org\/sipimexico\/wp-content\/uploads\/2023\/07\/SIPI-Mexico-onepage-pobreza.pdf\" target=\"_blank\">\n\t\t\t\t\t\t<span class=\"elementor-button-content-wrapper\">\n\t\t\t\t\t\t\t\t\t<span class=\"elementor-button-text\">One page<\/span>\n\t\t\t\t\t<\/span>\n\t\t\t\t\t<\/a>\n\t\t\t\t<\/div>\n\t\t\t\t\t\t\t\t<\/div>\n\t\t\t\t<\/div>\n\t\t\t\t\t<\/div>\n\t\t<\/div>\n\t\t\t\t\t<\/div>\n\t\t<\/section>\n\t\t\t\t<section class=\"elementor-section elementor-top-section elementor-element elementor-element-365d1f2 elementor-section-content-middle elementor-section-boxed elementor-section-height-default elementor-section-height-default\" data-id=\"365d1f2\" data-element_type=\"section\">\n\t\t\t\t\t\t<div class=\"elementor-container elementor-column-gap-default\">\n\t\t\t\t\t<div class=\"elementor-column elementor-col-50 elementor-top-column elementor-element elementor-element-d8a7260\" data-id=\"d8a7260\" data-element_type=\"column\">\n\t\t\t<div class=\"elementor-widget-wrap elementor-element-populated\">\n\t\t\t\t\t\t<div class=\"elementor-element elementor-element-a4f7b58 elementor-widget elementor-widget-heading\" data-id=\"a4f7b58\" data-element_type=\"widget\" data-widget_type=\"heading.default\">\n\t\t\t\t<div class=\"elementor-widget-container\">\n\t\t\t\t\t<h2 class=\"elementor-heading-title elementor-size-default\">Retos y estrategias para combatir la pobreza desde la primera infancia<\/h2>\t\t\t\t<\/div>\n\t\t\t\t<\/div>\n\t\t\t\t<div class=\"elementor-element elementor-element-375deb2 elementor-widget elementor-widget-text-editor\" data-id=\"375deb2\" data-element_type=\"widget\" data-widget_type=\"text-editor.default\">\n\t\t\t\t<div class=\"elementor-widget-container\">\n\t\t\t\t\t\t\t\t\t<p>El Sistema de Indicadores de Primera Infancia M\u00e9xico (SIPI M\u00e9xico) organiza mesas de discusi\u00f3n bimestrales para abordar temas centrales sobre el desarrollo integral de las ni\u00f1as y los ni\u00f1os. Entre ellos destacan salud, nutrici\u00f3n, cuidado, educaci\u00f3n, \u202fpobreza y protecci\u00f3n.<\/p><p>Las mesas de discusi\u00f3n re\u00fanen a especialistas de primer nivel, quienes plantean los principales retos que enfrenta la primera infancia y dan recomendaciones para mejorar su situaci\u00f3n.<\/p><p>En esta ocasi\u00f3n, se presentan los puntos m\u00e1s importantes de la sexta mesa sobre los retos y estrategias para combatir la pobreza desde la primera infancia.<\/p>\t\t\t\t\t\t\t\t<\/div>\n\t\t\t\t<\/div>\n\t\t\t\t\t<\/div>\n\t\t<\/div>\n\t\t\t\t<div class=\"elementor-column elementor-col-50 elementor-top-column elementor-element elementor-element-75dff69\" data-id=\"75dff69\" data-element_type=\"column\">\n\t\t\t<div class=\"elementor-widget-wrap elementor-element-populated\">\n\t\t\t\t\t\t<div class=\"elementor-element elementor-element-b5acf43 elementor-widget elementor-widget-video\" data-id=\"b5acf43\" data-element_type=\"widget\" data-settings=\"{&quot;youtube_url&quot;:&quot;https:\\\/\\\/youtu.be\\\/hCgEf1KuIcg&quot;,&quot;show_image_overlay&quot;:&quot;yes&quot;,&quot;image_overlay&quot;:{&quot;url&quot;:&quot;https:\\\/\\\/earlyinstitute.org\\\/sipimexico\\\/wp-content\\\/uploads\\\/2023\\\/07\\\/maxresdefault-1280x720.jpeg&quot;,&quot;id&quot;:2887,&quot;size&quot;:&quot;&quot;,&quot;alt&quot;:&quot;&quot;,&quot;source&quot;:&quot;library&quot;},&quot;lightbox&quot;:&quot;yes&quot;,&quot;video_type&quot;:&quot;youtube&quot;,&quot;controls&quot;:&quot;yes&quot;}\" data-widget_type=\"video.default\">\n\t\t\t\t<div class=\"elementor-widget-container\">\n\t\t\t\t\t\t\t<div class=\"elementor-wrapper elementor-open-lightbox\">\n\t\t\t\t\t\t\t<div class=\"elementor-custom-embed-image-overlay\" data-elementor-open-lightbox=\"yes\" data-elementor-lightbox=\"{&quot;type&quot;:&quot;video&quot;,&quot;videoType&quot;:&quot;youtube&quot;,&quot;url&quot;:&quot;https:\\\/\\\/www.youtube.com\\\/embed\\\/hCgEf1KuIcg?feature=oembed&amp;start&amp;end&amp;wmode=opaque&amp;loop=0&amp;controls=1&amp;mute=0&amp;rel=0&amp;cc_load_policy=0&quot;,&quot;autoplay&quot;:&quot;&quot;,&quot;modalOptions&quot;:{&quot;id&quot;:&quot;elementor-lightbox-b5acf43&quot;,&quot;entranceAnimation&quot;:&quot;&quot;,&quot;entranceAnimation_tablet&quot;:&quot;&quot;,&quot;entranceAnimation_mobile&quot;:&quot;&quot;,&quot;videoAspectRatio&quot;:&quot;169&quot;}}\" data-e-action-hash=\"#elementor-action%3Aaction%3Dlightbox%26settings%3DeyJ0eXBlIjoidmlkZW8iLCJ2aWRlb1R5cGUiOiJ5b3V0dWJlIiwidXJsIjoiaHR0cHM6XC9cL3d3dy55b3V0dWJlLmNvbVwvZW1iZWRcL2hDZ0VmMUt1SWNnP2ZlYXR1cmU9b2VtYmVkJnN0YXJ0JmVuZCZ3bW9kZT1vcGFxdWUmbG9vcD0wJmNvbnRyb2xzPTEmbXV0ZT0wJnJlbD0wJmNjX2xvYWRfcG9saWN5PTAiLCJhdXRvcGxheSI6IiIsIm1vZGFsT3B0aW9ucyI6eyJpZCI6ImVsZW1lbnRvci1saWdodGJveC1iNWFjZjQzIiwiZW50cmFuY2VBbmltYXRpb24iOiIiLCJlbnRyYW5jZUFuaW1hdGlvbl90YWJsZXQiOiIiLCJlbnRyYW5jZUFuaW1hdGlvbl9tb2JpbGUiOiIiLCJ2aWRlb0FzcGVjdFJhdGlvIjoiMTY5In19\">\n\t\t\t\t\t\t\t\t\t\t\t<img decoding=\"async\" width=\"1280\" height=\"720\" src=\"https:\/\/earlyinstitute.org\/sipimexico\/wp-content\/uploads\/2023\/07\/maxresdefault-1280x720.jpeg\" class=\"attachment-full size-full wp-image-2887\" alt=\"\" srcset=\"https:\/\/earlyinstitute.org\/sipimexico\/wp-content\/uploads\/2023\/07\/maxresdefault-1280x720.jpeg 1280w, https:\/\/earlyinstitute.org\/sipimexico\/wp-content\/uploads\/2023\/07\/maxresdefault-300x169.jpeg 300w, https:\/\/earlyinstitute.org\/sipimexico\/wp-content\/uploads\/2023\/07\/maxresdefault-768x432.jpeg 768w, https:\/\/earlyinstitute.org\/sipimexico\/wp-content\/uploads\/2023\/07\/maxresdefault-1024x576.jpeg 1024w\" sizes=\"(max-width: 1280px) 100vw, 1280px\" \/>\t\t\t\t\t\t\t\t\t\t\t\t\t\t\t\t<div class=\"elementor-custom-embed-play\" role=\"button\" aria-label=\"Reproducir video\" tabindex=\"0\">\n\t\t\t\t\t\t\t<i aria-hidden=\"true\" class=\"eicon-play\"><\/i>\t\t\t\t\t\t<\/div>\n\t\t\t\t\t\t\t\t\t<\/div>\n\t\t\t\t\t<\/div>\n\t\t\t\t\t\t<\/div>\n\t\t\t\t<\/div>\n\t\t\t\t\t<\/div>\n\t\t<\/div>\n\t\t\t\t\t<\/div>\n\t\t<\/section>\n\t\t\t\t<section class=\"elementor-section elementor-top-section elementor-element elementor-element-1d67316 elementor-section-boxed elementor-section-height-default elementor-section-height-default\" data-id=\"1d67316\" data-element_type=\"section\">\n\t\t\t\t\t\t<div class=\"elementor-container elementor-column-gap-default\">\n\t\t\t\t\t<div class=\"elementor-column elementor-col-100 elementor-top-column elementor-element elementor-element-f390ee5\" data-id=\"f390ee5\" data-element_type=\"column\">\n\t\t\t<div class=\"elementor-widget-wrap elementor-element-populated\">\n\t\t\t\t\t\t<div class=\"elementor-element elementor-element-e242d7a elementor-widget elementor-widget-heading\" data-id=\"e242d7a\" data-element_type=\"widget\" data-widget_type=\"heading.default\">\n\t\t\t\t<div class=\"elementor-widget-container\">\n\t\t\t\t\t<h2 class=\"elementor-heading-title elementor-size-default\">Especialistas en pobreza de la primera infancia<\/h2>\t\t\t\t<\/div>\n\t\t\t\t<\/div>\n\t\t\t\t<section class=\"elementor-section elementor-inner-section elementor-element elementor-element-cc7fbc3 elementor-section-boxed elementor-section-height-default elementor-section-height-default\" data-id=\"cc7fbc3\" data-element_type=\"section\">\n\t\t\t\t\t\t<div class=\"elementor-container elementor-column-gap-default\">\n\t\t\t\t\t<div class=\"elementor-column elementor-col-25 elementor-inner-column elementor-element elementor-element-8bb276b\" data-id=\"8bb276b\" data-element_type=\"column\">\n\t\t\t<div class=\"elementor-widget-wrap elementor-element-populated\">\n\t\t\t\t\t\t<div class=\"elementor-element elementor-element-f83a4f8 elementor-widget elementor-widget-image\" data-id=\"f83a4f8\" data-element_type=\"widget\" data-widget_type=\"image.default\">\n\t\t\t\t<div class=\"elementor-widget-container\">\n\t\t\t\t\t\t\t\t\t\t\t\t\t\t\t<img decoding=\"async\" width=\"800\" height=\"800\" src=\"https:\/\/earlyinstitute.org\/sipimexico\/wp-content\/uploads\/2023\/07\/2-1024x1024.png\" class=\"attachment-large size-large wp-image-2880\" alt=\"\" srcset=\"https:\/\/earlyinstitute.org\/sipimexico\/wp-content\/uploads\/2023\/07\/2-1024x1024.png 1024w, https:\/\/earlyinstitute.org\/sipimexico\/wp-content\/uploads\/2023\/07\/2-150x150.png 150w, https:\/\/earlyinstitute.org\/sipimexico\/wp-content\/uploads\/2023\/07\/2-300x300.png 300w, https:\/\/earlyinstitute.org\/sipimexico\/wp-content\/uploads\/2023\/07\/2-768x768.png 768w, https:\/\/earlyinstitute.org\/sipimexico\/wp-content\/uploads\/2023\/07\/2.png 1080w\" sizes=\"(max-width: 800px) 100vw, 800px\" \/>\t\t\t\t\t\t\t\t\t\t\t\t\t\t\t<\/div>\n\t\t\t\t<\/div>\n\t\t\t\t<div class=\"elementor-element elementor-element-8ba6bd7 elementor-widget elementor-widget-text-editor\" data-id=\"8ba6bd7\" data-element_type=\"widget\" data-widget_type=\"text-editor.default\">\n\t\t\t\t<div class=\"elementor-widget-container\">\n\t\t\t\t\t\t\t\t\t<h5><strong><span style=\"color: #4CC08B;\">Cecilia Berlanga Alessio Robles<\/span><\/strong><\/h5>\nOficial de pol\u00edtica social &#8211; Unicef\t\t\t\t\t\t\t\t<\/div>\n\t\t\t\t<\/div>\n\t\t\t\t\t<\/div>\n\t\t<\/div>\n\t\t\t\t<div class=\"elementor-column elementor-col-25 elementor-inner-column elementor-element elementor-element-d08244b\" data-id=\"d08244b\" data-element_type=\"column\">\n\t\t\t<div class=\"elementor-widget-wrap elementor-element-populated\">\n\t\t\t\t\t\t<div class=\"elementor-element elementor-element-97e31c6 elementor-widget elementor-widget-image\" data-id=\"97e31c6\" data-element_type=\"widget\" data-widget_type=\"image.default\">\n\t\t\t\t<div class=\"elementor-widget-container\">\n\t\t\t\t\t\t\t\t\t\t\t\t\t\t\t<img loading=\"lazy\" decoding=\"async\" width=\"800\" height=\"800\" src=\"https:\/\/earlyinstitute.org\/sipimexico\/wp-content\/uploads\/2023\/07\/3-1024x1024.png\" class=\"attachment-large size-large wp-image-2881\" alt=\"\" srcset=\"https:\/\/earlyinstitute.org\/sipimexico\/wp-content\/uploads\/2023\/07\/3-1024x1024.png 1024w, https:\/\/earlyinstitute.org\/sipimexico\/wp-content\/uploads\/2023\/07\/3-150x150.png 150w, https:\/\/earlyinstitute.org\/sipimexico\/wp-content\/uploads\/2023\/07\/3-300x300.png 300w, https:\/\/earlyinstitute.org\/sipimexico\/wp-content\/uploads\/2023\/07\/3-768x768.png 768w, https:\/\/earlyinstitute.org\/sipimexico\/wp-content\/uploads\/2023\/07\/3.png 1080w\" sizes=\"(max-width: 800px) 100vw, 800px\" \/>\t\t\t\t\t\t\t\t\t\t\t\t\t\t\t<\/div>\n\t\t\t\t<\/div>\n\t\t\t\t<div class=\"elementor-element elementor-element-3552eac elementor-widget elementor-widget-text-editor\" data-id=\"3552eac\" data-element_type=\"widget\" data-widget_type=\"text-editor.default\">\n\t\t\t\t<div class=\"elementor-widget-container\">\n\t\t\t\t\t\t\t\t\t<h5><span style=\"color: #4CC08B;\"><strong>Alida Marcela Guti\u00e9rrez Landeros<\/strong><\/span><\/h5>\nCoordinadora de an\u00e1lisis de pobreza- CONEVAL\t\t\t\t\t\t\t\t<\/div>\n\t\t\t\t<\/div>\n\t\t\t\t\t<\/div>\n\t\t<\/div>\n\t\t\t\t<div class=\"elementor-column elementor-col-25 elementor-inner-column elementor-element elementor-element-5f376f1\" data-id=\"5f376f1\" data-element_type=\"column\">\n\t\t\t<div class=\"elementor-widget-wrap elementor-element-populated\">\n\t\t\t\t\t\t<div class=\"elementor-element elementor-element-cec39ab elementor-widget elementor-widget-image\" data-id=\"cec39ab\" data-element_type=\"widget\" data-widget_type=\"image.default\">\n\t\t\t\t<div class=\"elementor-widget-container\">\n\t\t\t\t\t\t\t\t\t\t\t\t\t\t\t<img loading=\"lazy\" decoding=\"async\" width=\"800\" height=\"800\" src=\"https:\/\/earlyinstitute.org\/sipimexico\/wp-content\/uploads\/2023\/07\/4-1024x1024.png\" class=\"attachment-large size-large wp-image-2882\" alt=\"\" srcset=\"https:\/\/earlyinstitute.org\/sipimexico\/wp-content\/uploads\/2023\/07\/4-1024x1024.png 1024w, https:\/\/earlyinstitute.org\/sipimexico\/wp-content\/uploads\/2023\/07\/4-150x150.png 150w, https:\/\/earlyinstitute.org\/sipimexico\/wp-content\/uploads\/2023\/07\/4-300x300.png 300w, https:\/\/earlyinstitute.org\/sipimexico\/wp-content\/uploads\/2023\/07\/4-768x768.png 768w, https:\/\/earlyinstitute.org\/sipimexico\/wp-content\/uploads\/2023\/07\/4.png 1080w\" sizes=\"(max-width: 800px) 100vw, 800px\" \/>\t\t\t\t\t\t\t\t\t\t\t\t\t\t\t<\/div>\n\t\t\t\t<\/div>\n\t\t\t\t<div class=\"elementor-element elementor-element-c6cd533 elementor-widget elementor-widget-text-editor\" data-id=\"c6cd533\" data-element_type=\"widget\" data-widget_type=\"text-editor.default\">\n\t\t\t\t<div class=\"elementor-widget-container\">\n\t\t\t\t\t\t\t\t\t<h5><span style=\"color: #4CC08B;\"><strong>Alberto Sotomayor<\/strong><\/span><\/h5>\nCoordinador Nacional de Investigaci\u00f3n Pacto por la Primera Infancia\t\t\t\t\t\t\t\t<\/div>\n\t\t\t\t<\/div>\n\t\t\t\t\t<\/div>\n\t\t<\/div>\n\t\t\t\t<div class=\"elementor-column elementor-col-25 elementor-inner-column elementor-element elementor-element-6c232fa\" data-id=\"6c232fa\" data-element_type=\"column\">\n\t\t\t<div class=\"elementor-widget-wrap elementor-element-populated\">\n\t\t\t\t\t\t<div class=\"elementor-element elementor-element-736b768 elementor-widget elementor-widget-image\" data-id=\"736b768\" data-element_type=\"widget\" data-widget_type=\"image.default\">\n\t\t\t\t<div class=\"elementor-widget-container\">\n\t\t\t\t\t\t\t\t\t\t\t\t\t\t\t<img loading=\"lazy\" decoding=\"async\" width=\"800\" height=\"800\" src=\"https:\/\/earlyinstitute.org\/sipimexico\/wp-content\/uploads\/2023\/07\/5-1024x1024.png\" class=\"attachment-large size-large wp-image-2883\" alt=\"\" srcset=\"https:\/\/earlyinstitute.org\/sipimexico\/wp-content\/uploads\/2023\/07\/5-1024x1024.png 1024w, https:\/\/earlyinstitute.org\/sipimexico\/wp-content\/uploads\/2023\/07\/5-150x150.png 150w, https:\/\/earlyinstitute.org\/sipimexico\/wp-content\/uploads\/2023\/07\/5-300x300.png 300w, https:\/\/earlyinstitute.org\/sipimexico\/wp-content\/uploads\/2023\/07\/5-768x768.png 768w, https:\/\/earlyinstitute.org\/sipimexico\/wp-content\/uploads\/2023\/07\/5.png 1080w\" sizes=\"(max-width: 800px) 100vw, 800px\" \/>\t\t\t\t\t\t\t\t\t\t\t\t\t\t\t<\/div>\n\t\t\t\t<\/div>\n\t\t\t\t<div class=\"elementor-element elementor-element-a402617 elementor-widget elementor-widget-text-editor\" data-id=\"a402617\" data-element_type=\"widget\" data-widget_type=\"text-editor.default\">\n\t\t\t\t<div class=\"elementor-widget-container\">\n\t\t\t\t\t\t\t\t\t<h5><strong><span style=\"color: #4CC08B;\">Lic. Renata D\u00edaz Barreiro Castro<\/span><\/strong><\/h5>\n<span class=\"TextRun SCXW83284687 BCX0\" lang=\"ES-ES\" xml:lang=\"ES-ES\" data-contrast=\"auto\"><span class=\"NormalTextRun SCXW83284687 BCX0\">L\u00edder de proyecto del SIPI M\u00e9xico e investigadora en Early Institute.<\/span><\/span>\t\t\t\t\t\t\t\t<\/div>\n\t\t\t\t<\/div>\n\t\t\t\t\t<\/div>\n\t\t<\/div>\n\t\t\t\t\t<\/div>\n\t\t<\/section>\n\t\t\t\t<div class=\"elementor-element elementor-element-fa377e9 elementor-widget elementor-widget-heading\" data-id=\"fa377e9\" data-element_type=\"widget\" data-widget_type=\"heading.default\">\n\t\t\t\t<div class=\"elementor-widget-container\">\n\t\t\t\t\t<h2 class=\"elementor-heading-title elementor-size-default\">Nuestros objetivos<\/h2>\t\t\t\t<\/div>\n\t\t\t\t<\/div>\n\t\t\t\t<div class=\"elementor-element elementor-element-75f9513 elementor-list-item-link-full_width elementor-widget elementor-widget-icon-list\" data-id=\"75f9513\" data-element_type=\"widget\" data-widget_type=\"icon-list.default\">\n\t\t\t\t<div class=\"elementor-widget-container\">\n\t\t\t\t\t\t\t<ul class=\"elementor-icon-list-items\">\n\t\t\t\t\t\t\t<li class=\"elementor-icon-list-item\">\n\t\t\t\t\t\t\t\t\t\t\t<span class=\"elementor-icon-list-icon\">\n\t\t\t\t\t\t\t<i aria-hidden=\"true\" class=\"far fa-check-circle\"><\/i>\t\t\t\t\t\t<\/span>\n\t\t\t\t\t\t\t\t\t\t<span class=\"elementor-icon-list-text\">Presentar los indicadores espec\u00edficos que corresponden a la dimensi\u00f3n de pobreza, contenidos en el SIPI M\u00e9xico. <\/span>\n\t\t\t\t\t\t\t\t\t<\/li>\n\t\t\t\t\t\t\t\t<li class=\"elementor-icon-list-item\">\n\t\t\t\t\t\t\t\t\t\t\t<span class=\"elementor-icon-list-icon\">\n\t\t\t\t\t\t\t<i aria-hidden=\"true\" class=\"far fa-check-circle\"><\/i>\t\t\t\t\t\t<\/span>\n\t\t\t\t\t\t\t\t\t\t<span class=\"elementor-icon-list-text\">Identificar los factores y condiciones que contribuyen a la pobreza de la primera infancia y dificultan el acceso a oportunidades y a servicios b\u00e1sicos.  <\/span>\n\t\t\t\t\t\t\t\t\t<\/li>\n\t\t\t\t\t\t\t\t<li class=\"elementor-icon-list-item\">\n\t\t\t\t\t\t\t\t\t\t\t<span class=\"elementor-icon-list-icon\">\n\t\t\t\t\t\t\t<i aria-hidden=\"true\" class=\"far fa-check-circle\"><\/i>\t\t\t\t\t\t<\/span>\n\t\t\t\t\t\t\t\t\t\t<span class=\"elementor-icon-list-text\">Formular recomendaciones y estrategias efectivas para reducir la pobreza y promover igualdad de oportunidades desde la primera infancia.\u00a0<\/span>\n\t\t\t\t\t\t\t\t\t<\/li>\n\t\t\t\t\t\t<\/ul>\n\t\t\t\t\t\t<\/div>\n\t\t\t\t<\/div>\n\t\t\t\t<div class=\"elementor-element elementor-element-54c8fd0 elementor-widget elementor-widget-heading\" data-id=\"54c8fd0\" data-element_type=\"widget\" data-widget_type=\"heading.default\">\n\t\t\t\t<div class=\"elementor-widget-container\">\n\t\t\t\t\t<h2 class=\"elementor-heading-title elementor-size-default\">Focos Rojos<\/h2>\t\t\t\t<\/div>\n\t\t\t\t<\/div>\n\t\t\t\t<div class=\"elementor-element elementor-element-0bb81cb elementor-list-item-link-full_width elementor-widget elementor-widget-icon-list\" data-id=\"0bb81cb\" data-element_type=\"widget\" data-widget_type=\"icon-list.default\">\n\t\t\t\t<div class=\"elementor-widget-container\">\n\t\t\t\t\t\t\t<ul class=\"elementor-icon-list-items\">\n\t\t\t\t\t\t\t<li class=\"elementor-icon-list-item\">\n\t\t\t\t\t\t\t\t\t\t\t<span class=\"elementor-icon-list-icon\">\n\t\t\t\t\t\t\t<i aria-hidden=\"true\" class=\"far fa-check-circle\"><\/i>\t\t\t\t\t\t<\/span>\n\t\t\t\t\t\t\t\t\t\t<span class=\"elementor-icon-list-text\">Elevada pobreza en primera infancia, mayor que en poblaci\u00f3n adulta, que propicia adversidades acumulativas y tiene efectos irreversibles en el desarrollo de ni\u00f1as y ni\u00f1os.\u00a0<\/span>\n\t\t\t\t\t\t\t\t\t<\/li>\n\t\t\t\t\t\t\t\t<li class=\"elementor-icon-list-item\">\n\t\t\t\t\t\t\t\t\t\t\t<span class=\"elementor-icon-list-icon\">\n\t\t\t\t\t\t\t<i aria-hidden=\"true\" class=\"far fa-check-circle\"><\/i>\t\t\t\t\t\t<\/span>\n\t\t\t\t\t\t\t\t\t\t<span class=\"elementor-icon-list-text\">El ciclo de la pobreza que se prolonga entre generaciones. <\/span>\n\t\t\t\t\t\t\t\t\t<\/li>\n\t\t\t\t\t\t\t\t<li class=\"elementor-icon-list-item\">\n\t\t\t\t\t\t\t\t\t\t\t<span class=\"elementor-icon-list-icon\">\n\t\t\t\t\t\t\t<i aria-hidden=\"true\" class=\"far fa-check-circle\"><\/i>\t\t\t\t\t\t<\/span>\n\t\t\t\t\t\t\t\t\t\t<span class=\"elementor-icon-list-text\">Aumento de pobreza y carencias sociales en materia de salud, educaci\u00f3n y nutrici\u00f3n. <\/span>\n\t\t\t\t\t\t\t\t\t<\/li>\n\t\t\t\t\t\t\t\t<li class=\"elementor-icon-list-item\">\n\t\t\t\t\t\t\t\t\t\t\t<span class=\"elementor-icon-list-icon\">\n\t\t\t\t\t\t\t<i aria-hidden=\"true\" class=\"far fa-check-circle\"><\/i>\t\t\t\t\t\t<\/span>\n\t\t\t\t\t\t\t\t\t\t<span class=\"elementor-icon-list-text\">Desigualdad regional sistem\u00e1tica que divide al pa\u00eds.<\/span>\n\t\t\t\t\t\t\t\t\t<\/li>\n\t\t\t\t\t\t\t\t<li class=\"elementor-icon-list-item\">\n\t\t\t\t\t\t\t\t\t\t\t<span class=\"elementor-icon-list-icon\">\n\t\t\t\t\t\t\t<i aria-hidden=\"true\" class=\"far fa-check-circle\"><\/i>\t\t\t\t\t\t<\/span>\n\t\t\t\t\t\t\t\t\t\t<span class=\"elementor-icon-list-text\">Mayores condiciones de pobreza en hogares ind\u00edgenas.<\/span>\n\t\t\t\t\t\t\t\t\t<\/li>\n\t\t\t\t\t\t<\/ul>\n\t\t\t\t\t\t<\/div>\n\t\t\t\t<\/div>\n\t\t\t\t<div class=\"elementor-element elementor-element-bb9fe8b elementor-widget elementor-widget-heading\" data-id=\"bb9fe8b\" data-element_type=\"widget\" data-widget_type=\"heading.default\">\n\t\t\t\t<div class=\"elementor-widget-container\">\n\t\t\t\t\t<h2 class=\"elementor-heading-title elementor-size-default\">Recomendaciones<\/h2>\t\t\t\t<\/div>\n\t\t\t\t<\/div>\n\t\t\t\t<div class=\"elementor-element elementor-element-35473b1 elementor-icon-list--layout-traditional elementor-list-item-link-full_width elementor-widget elementor-widget-icon-list\" data-id=\"35473b1\" data-element_type=\"widget\" data-widget_type=\"icon-list.default\">\n\t\t\t\t<div class=\"elementor-widget-container\">\n\t\t\t\t\t\t\t<ul class=\"elementor-icon-list-items\">\n\t\t\t\t\t\t\t<li class=\"elementor-icon-list-item\">\n\t\t\t\t\t\t\t\t\t\t\t<span class=\"elementor-icon-list-icon\">\n\t\t\t\t\t\t\t<i aria-hidden=\"true\" class=\"far fa-check-circle\"><\/i>\t\t\t\t\t\t<\/span>\n\t\t\t\t\t\t\t\t\t\t<span class=\"elementor-icon-list-text\">Contar con un sistema de protecci\u00f3n social focalizado y con enfoque de derechos.<\/span>\n\t\t\t\t\t\t\t\t\t<\/li>\n\t\t\t\t\t\t\t\t<li class=\"elementor-icon-list-item\">\n\t\t\t\t\t\t\t\t\t\t\t<span class=\"elementor-icon-list-icon\">\n\t\t\t\t\t\t\t<i aria-hidden=\"true\" class=\"far fa-check-circle\"><\/i>\t\t\t\t\t\t<\/span>\n\t\t\t\t\t\t\t\t\t\t<span class=\"elementor-icon-list-text\">Ampliar y mejorar la cobertura de los programas de protecci\u00f3n social que benefician a la primera infancia.<\/span>\n\t\t\t\t\t\t\t\t\t<\/li>\n\t\t\t\t\t\t\t\t<li class=\"elementor-icon-list-item\">\n\t\t\t\t\t\t\t\t\t\t\t<span class=\"elementor-icon-list-icon\">\n\t\t\t\t\t\t\t<i aria-hidden=\"true\" class=\"far fa-check-circle\"><\/i>\t\t\t\t\t\t<\/span>\n\t\t\t\t\t\t\t\t\t\t<span class=\"elementor-icon-list-text\">Creaci\u00f3n de un sistema de cuidados y mejora de educaci\u00f3n inicial y preescolar Impulsar la equidad regional.<\/span>\n\t\t\t\t\t\t\t\t\t<\/li>\n\t\t\t\t\t\t\t\t<li class=\"elementor-icon-list-item\">\n\t\t\t\t\t\t\t\t\t\t\t<span class=\"elementor-icon-list-icon\">\n\t\t\t\t\t\t\t<i aria-hidden=\"true\" class=\"far fa-check-circle\"><\/i>\t\t\t\t\t\t<\/span>\n\t\t\t\t\t\t\t\t\t\t<span class=\"elementor-icon-list-text\">Impulsar la equidad regional.<\/span>\n\t\t\t\t\t\t\t\t\t<\/li>\n\t\t\t\t\t\t\t\t<li class=\"elementor-icon-list-item\">\n\t\t\t\t\t\t\t\t\t\t\t<span class=\"elementor-icon-list-icon\">\n\t\t\t\t\t\t\t<i aria-hidden=\"true\" class=\"far fa-check-circle\"><\/i>\t\t\t\t\t\t<\/span>\n\t\t\t\t\t\t\t\t\t\t<span class=\"elementor-icon-list-text\">Complementar programas de transferencias no condicionadas con paquetes de servicios b\u00e1sicos.<\/span>\n\t\t\t\t\t\t\t\t\t<\/li>\n\t\t\t\t\t\t<\/ul>\n\t\t\t\t\t\t<\/div>\n\t\t\t\t<\/div>\n\t\t\t\t<div class=\"elementor-element elementor-element-ad9cfae elementor-widget elementor-widget-heading\" data-id=\"ad9cfae\" data-element_type=\"widget\" data-widget_type=\"heading.default\">\n\t\t\t\t<div class=\"elementor-widget-container\">\n\t\t\t\t\t<h2 class=\"elementor-heading-title elementor-size-default\">Galer\u00eda de fotos<\/h2>\t\t\t\t<\/div>\n\t\t\t\t<\/div>\n\t\t\t\t<div class=\"elementor-element elementor-element-3d067ba gallery-spacing-custom elementor-widget elementor-widget-image-gallery\" data-id=\"3d067ba\" data-element_type=\"widget\" data-widget_type=\"image-gallery.default\">\n\t\t\t\t<div class=\"elementor-widget-container\">\n\t\t\t\t\t\t\t<div class=\"elementor-image-gallery\">\n\t\t\t<div id='gallery-1' class='gallery galleryid-2869 gallery-columns-3 gallery-size-medium'><figure class='gallery-item'>\n\t\t\t<div class='gallery-icon landscape'>\n\t\t\t\t<a data-elementor-open-lightbox=\"yes\" data-elementor-lightbox-slideshow=\"3d067ba\" data-elementor-lightbox-title=\"SM_0001_Layer 6\" data-e-action-hash=\"#elementor-action%3Aaction%3Dlightbox%26settings%3DeyJpZCI6Mjg5MiwidXJsIjoiaHR0cHM6XC9cL2Vhcmx5aW5zdGl0dXRlLm9yZ1wvc2lwaW1leGljb1wvd3AtY29udGVudFwvdXBsb2Fkc1wvMjAyM1wvMDdcL1NNXzAwMDFfTGF5ZXItNi0xMjc5eDcxMy5qcGciLCJzbGlkZXNob3ciOiIzZDA2N2JhIn0%3D\" href='https:\/\/earlyinstitute.org\/sipimexico\/wp-content\/uploads\/2023\/07\/SM_0001_Layer-6-1279x713.jpg'><img loading=\"lazy\" decoding=\"async\" width=\"300\" height=\"167\" src=\"https:\/\/earlyinstitute.org\/sipimexico\/wp-content\/uploads\/2023\/07\/SM_0001_Layer-6-300x167.jpg\" class=\"attachment-medium size-medium\" alt=\"\" srcset=\"https:\/\/earlyinstitute.org\/sipimexico\/wp-content\/uploads\/2023\/07\/SM_0001_Layer-6-300x167.jpg 300w, https:\/\/earlyinstitute.org\/sipimexico\/wp-content\/uploads\/2023\/07\/SM_0001_Layer-6-768x428.jpg 768w, https:\/\/earlyinstitute.org\/sipimexico\/wp-content\/uploads\/2023\/07\/SM_0001_Layer-6-1024x571.jpg 1024w, https:\/\/earlyinstitute.org\/sipimexico\/wp-content\/uploads\/2023\/07\/SM_0001_Layer-6-1279x713.jpg 1279w\" sizes=\"(max-width: 300px) 100vw, 300px\" \/><\/a>\n\t\t\t<\/div><\/figure><figure class='gallery-item'>\n\t\t\t<div class='gallery-icon landscape'>\n\t\t\t\t<a data-elementor-open-lightbox=\"yes\" data-elementor-lightbox-slideshow=\"3d067ba\" data-elementor-lightbox-title=\"SM_0002_Layer 5\" data-e-action-hash=\"#elementor-action%3Aaction%3Dlightbox%26settings%3DeyJpZCI6Mjg5MywidXJsIjoiaHR0cHM6XC9cL2Vhcmx5aW5zdGl0dXRlLm9yZ1wvc2lwaW1leGljb1wvd3AtY29udGVudFwvdXBsb2Fkc1wvMjAyM1wvMDdcL1NNXzAwMDJfTGF5ZXItNS0xMjc5eDcxMy5qcGciLCJzbGlkZXNob3ciOiIzZDA2N2JhIn0%3D\" href='https:\/\/earlyinstitute.org\/sipimexico\/wp-content\/uploads\/2023\/07\/SM_0002_Layer-5-1279x713.jpg'><img loading=\"lazy\" decoding=\"async\" width=\"300\" height=\"167\" src=\"https:\/\/earlyinstitute.org\/sipimexico\/wp-content\/uploads\/2023\/07\/SM_0002_Layer-5-300x167.jpg\" class=\"attachment-medium size-medium\" alt=\"\" srcset=\"https:\/\/earlyinstitute.org\/sipimexico\/wp-content\/uploads\/2023\/07\/SM_0002_Layer-5-300x167.jpg 300w, https:\/\/earlyinstitute.org\/sipimexico\/wp-content\/uploads\/2023\/07\/SM_0002_Layer-5-768x428.jpg 768w, https:\/\/earlyinstitute.org\/sipimexico\/wp-content\/uploads\/2023\/07\/SM_0002_Layer-5-1024x571.jpg 1024w, https:\/\/earlyinstitute.org\/sipimexico\/wp-content\/uploads\/2023\/07\/SM_0002_Layer-5-1279x713.jpg 1279w\" sizes=\"(max-width: 300px) 100vw, 300px\" \/><\/a>\n\t\t\t<\/div><\/figure><figure class='gallery-item'>\n\t\t\t<div class='gallery-icon landscape'>\n\t\t\t\t<a data-elementor-open-lightbox=\"yes\" data-elementor-lightbox-slideshow=\"3d067ba\" data-elementor-lightbox-title=\"SM_0003_Layer 4\" data-e-action-hash=\"#elementor-action%3Aaction%3Dlightbox%26settings%3DeyJpZCI6Mjg5NCwidXJsIjoiaHR0cHM6XC9cL2Vhcmx5aW5zdGl0dXRlLm9yZ1wvc2lwaW1leGljb1wvd3AtY29udGVudFwvdXBsb2Fkc1wvMjAyM1wvMDdcL1NNXzAwMDNfTGF5ZXItNC0xMjc5eDcxMy5qcGciLCJzbGlkZXNob3ciOiIzZDA2N2JhIn0%3D\" href='https:\/\/earlyinstitute.org\/sipimexico\/wp-content\/uploads\/2023\/07\/SM_0003_Layer-4-1279x713.jpg'><img loading=\"lazy\" decoding=\"async\" width=\"300\" height=\"167\" src=\"https:\/\/earlyinstitute.org\/sipimexico\/wp-content\/uploads\/2023\/07\/SM_0003_Layer-4-300x167.jpg\" class=\"attachment-medium size-medium\" alt=\"\" srcset=\"https:\/\/earlyinstitute.org\/sipimexico\/wp-content\/uploads\/2023\/07\/SM_0003_Layer-4-300x167.jpg 300w, https:\/\/earlyinstitute.org\/sipimexico\/wp-content\/uploads\/2023\/07\/SM_0003_Layer-4-768x428.jpg 768w, https:\/\/earlyinstitute.org\/sipimexico\/wp-content\/uploads\/2023\/07\/SM_0003_Layer-4-1024x571.jpg 1024w, https:\/\/earlyinstitute.org\/sipimexico\/wp-content\/uploads\/2023\/07\/SM_0003_Layer-4-1279x713.jpg 1279w\" sizes=\"(max-width: 300px) 100vw, 300px\" \/><\/a>\n\t\t\t<\/div><\/figure><figure class='gallery-item'>\n\t\t\t<div class='gallery-icon landscape'>\n\t\t\t\t<a data-elementor-open-lightbox=\"yes\" data-elementor-lightbox-slideshow=\"3d067ba\" data-elementor-lightbox-title=\"SM_0004_Layer 3\" data-e-action-hash=\"#elementor-action%3Aaction%3Dlightbox%26settings%3DeyJpZCI6Mjg5NSwidXJsIjoiaHR0cHM6XC9cL2Vhcmx5aW5zdGl0dXRlLm9yZ1wvc2lwaW1leGljb1wvd3AtY29udGVudFwvdXBsb2Fkc1wvMjAyM1wvMDdcL1NNXzAwMDRfTGF5ZXItMy0xMjc5eDcxMy5qcGciLCJzbGlkZXNob3ciOiIzZDA2N2JhIn0%3D\" href='https:\/\/earlyinstitute.org\/sipimexico\/wp-content\/uploads\/2023\/07\/SM_0004_Layer-3-1279x713.jpg'><img loading=\"lazy\" decoding=\"async\" width=\"300\" height=\"167\" src=\"https:\/\/earlyinstitute.org\/sipimexico\/wp-content\/uploads\/2023\/07\/SM_0004_Layer-3-300x167.jpg\" class=\"attachment-medium size-medium\" alt=\"\" srcset=\"https:\/\/earlyinstitute.org\/sipimexico\/wp-content\/uploads\/2023\/07\/SM_0004_Layer-3-300x167.jpg 300w, https:\/\/earlyinstitute.org\/sipimexico\/wp-content\/uploads\/2023\/07\/SM_0004_Layer-3-768x428.jpg 768w, https:\/\/earlyinstitute.org\/sipimexico\/wp-content\/uploads\/2023\/07\/SM_0004_Layer-3-1024x571.jpg 1024w, https:\/\/earlyinstitute.org\/sipimexico\/wp-content\/uploads\/2023\/07\/SM_0004_Layer-3-1279x713.jpg 1279w\" sizes=\"(max-width: 300px) 100vw, 300px\" \/><\/a>\n\t\t\t<\/div><\/figure><figure class='gallery-item'>\n\t\t\t<div class='gallery-icon landscape'>\n\t\t\t\t<a data-elementor-open-lightbox=\"yes\" data-elementor-lightbox-slideshow=\"3d067ba\" data-elementor-lightbox-title=\"SM_0005_Layer 2\" data-e-action-hash=\"#elementor-action%3Aaction%3Dlightbox%26settings%3DeyJpZCI6Mjg5NiwidXJsIjoiaHR0cHM6XC9cL2Vhcmx5aW5zdGl0dXRlLm9yZ1wvc2lwaW1leGljb1wvd3AtY29udGVudFwvdXBsb2Fkc1wvMjAyM1wvMDdcL1NNXzAwMDVfTGF5ZXItMi0xMjc5eDcxMy5qcGciLCJzbGlkZXNob3ciOiIzZDA2N2JhIn0%3D\" href='https:\/\/earlyinstitute.org\/sipimexico\/wp-content\/uploads\/2023\/07\/SM_0005_Layer-2-1279x713.jpg'><img loading=\"lazy\" decoding=\"async\" width=\"300\" height=\"167\" src=\"https:\/\/earlyinstitute.org\/sipimexico\/wp-content\/uploads\/2023\/07\/SM_0005_Layer-2-300x167.jpg\" class=\"attachment-medium size-medium\" alt=\"\" srcset=\"https:\/\/earlyinstitute.org\/sipimexico\/wp-content\/uploads\/2023\/07\/SM_0005_Layer-2-300x167.jpg 300w, https:\/\/earlyinstitute.org\/sipimexico\/wp-content\/uploads\/2023\/07\/SM_0005_Layer-2-768x428.jpg 768w, https:\/\/earlyinstitute.org\/sipimexico\/wp-content\/uploads\/2023\/07\/SM_0005_Layer-2-1024x571.jpg 1024w, https:\/\/earlyinstitute.org\/sipimexico\/wp-content\/uploads\/2023\/07\/SM_0005_Layer-2-1279x713.jpg 1279w\" sizes=\"(max-width: 300px) 100vw, 300px\" \/><\/a>\n\t\t\t<\/div><\/figure><figure class='gallery-item'>\n\t\t\t<div class='gallery-icon landscape'>\n\t\t\t\t<a data-elementor-open-lightbox=\"yes\" data-elementor-lightbox-slideshow=\"3d067ba\" data-elementor-lightbox-title=\"SM_0006_Layer 1\" data-e-action-hash=\"#elementor-action%3Aaction%3Dlightbox%26settings%3DeyJpZCI6Mjg5NywidXJsIjoiaHR0cHM6XC9cL2Vhcmx5aW5zdGl0dXRlLm9yZ1wvc2lwaW1leGljb1wvd3AtY29udGVudFwvdXBsb2Fkc1wvMjAyM1wvMDdcL1NNXzAwMDZfTGF5ZXItMS0xMjc5eDcxMy5qcGciLCJzbGlkZXNob3ciOiIzZDA2N2JhIn0%3D\" href='https:\/\/earlyinstitute.org\/sipimexico\/wp-content\/uploads\/2023\/07\/SM_0006_Layer-1-1279x713.jpg'><img loading=\"lazy\" decoding=\"async\" width=\"300\" height=\"167\" src=\"https:\/\/earlyinstitute.org\/sipimexico\/wp-content\/uploads\/2023\/07\/SM_0006_Layer-1-300x167.jpg\" class=\"attachment-medium size-medium\" alt=\"\" srcset=\"https:\/\/earlyinstitute.org\/sipimexico\/wp-content\/uploads\/2023\/07\/SM_0006_Layer-1-300x167.jpg 300w, https:\/\/earlyinstitute.org\/sipimexico\/wp-content\/uploads\/2023\/07\/SM_0006_Layer-1-768x428.jpg 768w, https:\/\/earlyinstitute.org\/sipimexico\/wp-content\/uploads\/2023\/07\/SM_0006_Layer-1-1024x571.jpg 1024w, https:\/\/earlyinstitute.org\/sipimexico\/wp-content\/uploads\/2023\/07\/SM_0006_Layer-1-1279x713.jpg 1279w\" sizes=\"(max-width: 300px) 100vw, 300px\" \/><\/a>\n\t\t\t<\/div><\/figure>\n\t\t<\/div>\n\t\t<\/div>\n\t\t\t\t\t\t<\/div>\n\t\t\t\t<\/div>\n\t\t\t\t\t<\/div>\n\t\t<\/div>\n\t\t\t\t\t<\/div>\n\t\t<\/section>\n\t\t\t\t<\/div>\n\t\t","protected":false},"excerpt":{"rendered":"<p>Descargas Consulta nuestro reporte completo: Reporte completo One page Retos y estrategias para combatir la pobreza desde la primera infancia El Sistema de Indicadores de Primera Infancia M\u00e9xico (SIPI M\u00e9xico) organiza mesas de discusi\u00f3n bimestrales para abordar temas centrales sobre el desarrollo integral de las ni\u00f1as y los ni\u00f1os. Entre ellos destacan salud, nutrici\u00f3n, cuidado, [&hellip;]<\/p>\n","protected":false},"author":1,"featured_media":2871,"comment_status":"open","ping_status":"closed","sticky":false,"template":"","format":"standard","meta":{"_acf_changed":false,"inline_featured_image":false,"footnotes":""},"categories":[13],"tags":[],"class_list":["post-2869","post","type-post","status-publish","format-standard","has-post-thumbnail","hentry","category-eventos"],"acf":[],"yoast_head":"<!-- This site is optimized with the Yoast SEO plugin v25.7 - https:\/\/yoast.com\/wordpress\/plugins\/seo\/ -->\n<title>Retos y estrategias para combatir la pobreza desde la primera infancia - Sistema de Indicadores<\/title>\n<meta name=\"robots\" content=\"index, follow, max-snippet:-1, max-image-preview:large, max-video-preview:-1\" \/>\n<link rel=\"canonical\" href=\"https:\/\/earlyinstitute.org\/sipimexico\/retos-y-estrategias-para-combatir-la-pobreza-desde-la-primera-infancia\/\" \/>\n<meta property=\"og:locale\" content=\"es_MX\" \/>\n<meta property=\"og:type\" content=\"article\" \/>\n<meta property=\"og:title\" content=\"Retos y estrategias para combatir la pobreza desde la primera infancia - Sistema de Indicadores\" \/>\n<meta property=\"og:description\" content=\"Descargas Consulta nuestro reporte completo: Reporte completo One page Retos y estrategias para combatir la pobreza desde la primera infancia El Sistema de Indicadores de Primera Infancia M\u00e9xico (SIPI M\u00e9xico) organiza mesas de discusi\u00f3n bimestrales para abordar temas centrales sobre el desarrollo integral de las ni\u00f1as y los ni\u00f1os. Entre ellos destacan salud, nutrici\u00f3n, cuidado, [&hellip;]\" \/>\n<meta property=\"og:url\" content=\"https:\/\/earlyinstitute.org\/sipimexico\/retos-y-estrategias-para-combatir-la-pobreza-desde-la-primera-infancia\/\" \/>\n<meta property=\"og:site_name\" content=\"Sistema de Indicadores\" \/>\n<meta property=\"article:published_time\" content=\"2023-07-21T16:13:01+00:00\" \/>\n<meta property=\"article:modified_time\" content=\"2026-03-12T04:11:43+00:00\" \/>\n<meta property=\"og:image\" content=\"https:\/\/earlyinstitute.org\/sipimexico\/wp-content\/uploads\/2023\/07\/Grafico-Home-SIPI-Mexico.png\" \/>\n\t<meta property=\"og:image:width\" content=\"1080\" \/>\n\t<meta property=\"og:image:height\" content=\"1080\" \/>\n\t<meta property=\"og:image:type\" content=\"image\/png\" \/>\n<meta name=\"author\" content=\"kfna\" \/>\n<meta name=\"twitter:card\" content=\"summary_large_image\" \/>\n<meta name=\"twitter:label1\" content=\"Escrito por\" \/>\n\t<meta name=\"twitter:data1\" content=\"kfna\" \/>\n\t<meta name=\"twitter:label2\" content=\"Tiempo de lectura\" \/>\n\t<meta name=\"twitter:data2\" content=\"5 minutos\" \/>\n<script type=\"application\/ld+json\" class=\"yoast-schema-graph\">{\"@context\":\"https:\/\/schema.org\",\"@graph\":[{\"@type\":\"Article\",\"@id\":\"https:\/\/earlyinstitute.org\/sipimexico\/retos-y-estrategias-para-combatir-la-pobreza-desde-la-primera-infancia\/#article\",\"isPartOf\":{\"@id\":\"https:\/\/earlyinstitute.org\/sipimexico\/retos-y-estrategias-para-combatir-la-pobreza-desde-la-primera-infancia\/\"},\"author\":{\"name\":\"kfna\",\"@id\":\"https:\/\/earlyinstitute.org\/sipimexico\/#\/schema\/person\/be99119f1e95785ad13e4d367fdc593e\"},\"headline\":\"Retos y estrategias para combatir la pobreza desde la primera infancia\",\"datePublished\":\"2023-07-21T16:13:01+00:00\",\"dateModified\":\"2026-03-12T04:11:43+00:00\",\"mainEntityOfPage\":{\"@id\":\"https:\/\/earlyinstitute.org\/sipimexico\/retos-y-estrategias-para-combatir-la-pobreza-desde-la-primera-infancia\/\"},\"wordCount\":410,\"commentCount\":0,\"publisher\":{\"@id\":\"https:\/\/earlyinstitute.org\/sipimexico\/#organization\"},\"image\":{\"@id\":\"https:\/\/earlyinstitute.org\/sipimexico\/retos-y-estrategias-para-combatir-la-pobreza-desde-la-primera-infancia\/#primaryimage\"},\"thumbnailUrl\":\"https:\/\/earlyinstitute.org\/sipimexico\/wp-content\/uploads\/2023\/07\/Grafico-Home-SIPI-Mexico.png\",\"articleSection\":[\"Eventos\"],\"inLanguage\":\"es\",\"potentialAction\":[{\"@type\":\"CommentAction\",\"name\":\"Comment\",\"target\":[\"https:\/\/earlyinstitute.org\/sipimexico\/retos-y-estrategias-para-combatir-la-pobreza-desde-la-primera-infancia\/#respond\"]}]},{\"@type\":\"WebPage\",\"@id\":\"https:\/\/earlyinstitute.org\/sipimexico\/retos-y-estrategias-para-combatir-la-pobreza-desde-la-primera-infancia\/\",\"url\":\"https:\/\/earlyinstitute.org\/sipimexico\/retos-y-estrategias-para-combatir-la-pobreza-desde-la-primera-infancia\/\",\"name\":\"Retos y estrategias para combatir la pobreza desde la primera infancia - Sistema de Indicadores\",\"isPartOf\":{\"@id\":\"https:\/\/earlyinstitute.org\/sipimexico\/#website\"},\"primaryImageOfPage\":{\"@id\":\"https:\/\/earlyinstitute.org\/sipimexico\/retos-y-estrategias-para-combatir-la-pobreza-desde-la-primera-infancia\/#primaryimage\"},\"image\":{\"@id\":\"https:\/\/earlyinstitute.org\/sipimexico\/retos-y-estrategias-para-combatir-la-pobreza-desde-la-primera-infancia\/#primaryimage\"},\"thumbnailUrl\":\"https:\/\/earlyinstitute.org\/sipimexico\/wp-content\/uploads\/2023\/07\/Grafico-Home-SIPI-Mexico.png\",\"datePublished\":\"2023-07-21T16:13:01+00:00\",\"dateModified\":\"2026-03-12T04:11:43+00:00\",\"breadcrumb\":{\"@id\":\"https:\/\/earlyinstitute.org\/sipimexico\/retos-y-estrategias-para-combatir-la-pobreza-desde-la-primera-infancia\/#breadcrumb\"},\"inLanguage\":\"es\",\"potentialAction\":[{\"@type\":\"ReadAction\",\"target\":[\"https:\/\/earlyinstitute.org\/sipimexico\/retos-y-estrategias-para-combatir-la-pobreza-desde-la-primera-infancia\/\"]}]},{\"@type\":\"ImageObject\",\"inLanguage\":\"es\",\"@id\":\"https:\/\/earlyinstitute.org\/sipimexico\/retos-y-estrategias-para-combatir-la-pobreza-desde-la-primera-infancia\/#primaryimage\",\"url\":\"https:\/\/earlyinstitute.org\/sipimexico\/wp-content\/uploads\/2023\/07\/Grafico-Home-SIPI-Mexico.png\",\"contentUrl\":\"https:\/\/earlyinstitute.org\/sipimexico\/wp-content\/uploads\/2023\/07\/Grafico-Home-SIPI-Mexico.png\",\"width\":1080,\"height\":1080},{\"@type\":\"BreadcrumbList\",\"@id\":\"https:\/\/earlyinstitute.org\/sipimexico\/retos-y-estrategias-para-combatir-la-pobreza-desde-la-primera-infancia\/#breadcrumb\",\"itemListElement\":[{\"@type\":\"ListItem\",\"position\":1,\"name\":\"Inicio\",\"item\":\"https:\/\/earlyinstitute.org\/sipimexico\/\"},{\"@type\":\"ListItem\",\"position\":2,\"name\":\"Retos y estrategias para combatir la pobreza desde la primera infancia\"}]},{\"@type\":\"WebSite\",\"@id\":\"https:\/\/earlyinstitute.org\/sipimexico\/#website\",\"url\":\"https:\/\/earlyinstitute.org\/sipimexico\/\",\"name\":\"Sistema de Indicadores\",\"description\":\"Early Institute\",\"publisher\":{\"@id\":\"https:\/\/earlyinstitute.org\/sipimexico\/#organization\"},\"potentialAction\":[{\"@type\":\"SearchAction\",\"target\":{\"@type\":\"EntryPoint\",\"urlTemplate\":\"https:\/\/earlyinstitute.org\/sipimexico\/?s={search_term_string}\"},\"query-input\":{\"@type\":\"PropertyValueSpecification\",\"valueRequired\":true,\"valueName\":\"search_term_string\"}}],\"inLanguage\":\"es\"},{\"@type\":\"Organization\",\"@id\":\"https:\/\/earlyinstitute.org\/sipimexico\/#organization\",\"name\":\"Sistema de Indicadores\",\"url\":\"https:\/\/earlyinstitute.org\/sipimexico\/\",\"logo\":{\"@type\":\"ImageObject\",\"inLanguage\":\"es\",\"@id\":\"https:\/\/earlyinstitute.org\/sipimexico\/#\/schema\/logo\/image\/\",\"url\":\"https:\/\/earlyinstitute.org\/sipimexico\/wp-content\/uploads\/2021\/11\/sipi-xl.png\",\"contentUrl\":\"https:\/\/earlyinstitute.org\/sipimexico\/wp-content\/uploads\/2021\/11\/sipi-xl.png\",\"width\":870,\"height\":522,\"caption\":\"Sistema de Indicadores\"},\"image\":{\"@id\":\"https:\/\/earlyinstitute.org\/sipimexico\/#\/schema\/logo\/image\/\"}},{\"@type\":\"Person\",\"@id\":\"https:\/\/earlyinstitute.org\/sipimexico\/#\/schema\/person\/be99119f1e95785ad13e4d367fdc593e\",\"name\":\"kfna\",\"image\":{\"@type\":\"ImageObject\",\"inLanguage\":\"es\",\"@id\":\"https:\/\/earlyinstitute.org\/sipimexico\/#\/schema\/person\/image\/\",\"url\":\"https:\/\/secure.gravatar.com\/avatar\/934c96361ac418dce43758253e362fa8785fab2e4f8927e3a87ce1a5055ea229?s=96&d=mm&r=g\",\"contentUrl\":\"https:\/\/secure.gravatar.com\/avatar\/934c96361ac418dce43758253e362fa8785fab2e4f8927e3a87ce1a5055ea229?s=96&d=mm&r=g\",\"caption\":\"kfna\"},\"sameAs\":[\"http:\/\/dev.kfna.org\/early\/sie\"],\"url\":\"https:\/\/earlyinstitute.org\/sipimexico\/author\/kfna\/\"}]}<\/script>\n<!-- \/ Yoast SEO plugin. -->","yoast_head_json":{"title":"Retos y estrategias para combatir la pobreza desde la primera infancia - Sistema de Indicadores","robots":{"index":"index","follow":"follow","max-snippet":"max-snippet:-1","max-image-preview":"max-image-preview:large","max-video-preview":"max-video-preview:-1"},"canonical":"https:\/\/earlyinstitute.org\/sipimexico\/retos-y-estrategias-para-combatir-la-pobreza-desde-la-primera-infancia\/","og_locale":"es_MX","og_type":"article","og_title":"Retos y estrategias para combatir la pobreza desde la primera infancia - Sistema de Indicadores","og_description":"Descargas Consulta nuestro reporte completo: Reporte completo One page Retos y estrategias para combatir la pobreza desde la primera infancia El Sistema de Indicadores de Primera Infancia M\u00e9xico (SIPI M\u00e9xico) organiza mesas de discusi\u00f3n bimestrales para abordar temas centrales sobre el desarrollo integral de las ni\u00f1as y los ni\u00f1os. Entre ellos destacan salud, nutrici\u00f3n, cuidado, [&hellip;]","og_url":"https:\/\/earlyinstitute.org\/sipimexico\/retos-y-estrategias-para-combatir-la-pobreza-desde-la-primera-infancia\/","og_site_name":"Sistema de Indicadores","article_published_time":"2023-07-21T16:13:01+00:00","article_modified_time":"2026-03-12T04:11:43+00:00","og_image":[{"width":1080,"height":1080,"url":"https:\/\/earlyinstitute.org\/sipimexico\/wp-content\/uploads\/2023\/07\/Grafico-Home-SIPI-Mexico.png","type":"image\/png"}],"author":"kfna","twitter_card":"summary_large_image","twitter_misc":{"Escrito por":"kfna","Tiempo de lectura":"5 minutos"},"schema":{"@context":"https:\/\/schema.org","@graph":[{"@type":"Article","@id":"https:\/\/earlyinstitute.org\/sipimexico\/retos-y-estrategias-para-combatir-la-pobreza-desde-la-primera-infancia\/#article","isPartOf":{"@id":"https:\/\/earlyinstitute.org\/sipimexico\/retos-y-estrategias-para-combatir-la-pobreza-desde-la-primera-infancia\/"},"author":{"name":"kfna","@id":"https:\/\/earlyinstitute.org\/sipimexico\/#\/schema\/person\/be99119f1e95785ad13e4d367fdc593e"},"headline":"Retos y estrategias para combatir la pobreza desde la primera infancia","datePublished":"2023-07-21T16:13:01+00:00","dateModified":"2026-03-12T04:11:43+00:00","mainEntityOfPage":{"@id":"https:\/\/earlyinstitute.org\/sipimexico\/retos-y-estrategias-para-combatir-la-pobreza-desde-la-primera-infancia\/"},"wordCount":410,"commentCount":0,"publisher":{"@id":"https:\/\/earlyinstitute.org\/sipimexico\/#organization"},"image":{"@id":"https:\/\/earlyinstitute.org\/sipimexico\/retos-y-estrategias-para-combatir-la-pobreza-desde-la-primera-infancia\/#primaryimage"},"thumbnailUrl":"https:\/\/earlyinstitute.org\/sipimexico\/wp-content\/uploads\/2023\/07\/Grafico-Home-SIPI-Mexico.png","articleSection":["Eventos"],"inLanguage":"es","potentialAction":[{"@type":"CommentAction","name":"Comment","target":["https:\/\/earlyinstitute.org\/sipimexico\/retos-y-estrategias-para-combatir-la-pobreza-desde-la-primera-infancia\/#respond"]}]},{"@type":"WebPage","@id":"https:\/\/earlyinstitute.org\/sipimexico\/retos-y-estrategias-para-combatir-la-pobreza-desde-la-primera-infancia\/","url":"https:\/\/earlyinstitute.org\/sipimexico\/retos-y-estrategias-para-combatir-la-pobreza-desde-la-primera-infancia\/","name":"Retos y estrategias para combatir la pobreza desde la primera infancia - Sistema de Indicadores","isPartOf":{"@id":"https:\/\/earlyinstitute.org\/sipimexico\/#website"},"primaryImageOfPage":{"@id":"https:\/\/earlyinstitute.org\/sipimexico\/retos-y-estrategias-para-combatir-la-pobreza-desde-la-primera-infancia\/#primaryimage"},"image":{"@id":"https:\/\/earlyinstitute.org\/sipimexico\/retos-y-estrategias-para-combatir-la-pobreza-desde-la-primera-infancia\/#primaryimage"},"thumbnailUrl":"https:\/\/earlyinstitute.org\/sipimexico\/wp-content\/uploads\/2023\/07\/Grafico-Home-SIPI-Mexico.png","datePublished":"2023-07-21T16:13:01+00:00","dateModified":"2026-03-12T04:11:43+00:00","breadcrumb":{"@id":"https:\/\/earlyinstitute.org\/sipimexico\/retos-y-estrategias-para-combatir-la-pobreza-desde-la-primera-infancia\/#breadcrumb"},"inLanguage":"es","potentialAction":[{"@type":"ReadAction","target":["https:\/\/earlyinstitute.org\/sipimexico\/retos-y-estrategias-para-combatir-la-pobreza-desde-la-primera-infancia\/"]}]},{"@type":"ImageObject","inLanguage":"es","@id":"https:\/\/earlyinstitute.org\/sipimexico\/retos-y-estrategias-para-combatir-la-pobreza-desde-la-primera-infancia\/#primaryimage","url":"https:\/\/earlyinstitute.org\/sipimexico\/wp-content\/uploads\/2023\/07\/Grafico-Home-SIPI-Mexico.png","contentUrl":"https:\/\/earlyinstitute.org\/sipimexico\/wp-content\/uploads\/2023\/07\/Grafico-Home-SIPI-Mexico.png","width":1080,"height":1080},{"@type":"BreadcrumbList","@id":"https:\/\/earlyinstitute.org\/sipimexico\/retos-y-estrategias-para-combatir-la-pobreza-desde-la-primera-infancia\/#breadcrumb","itemListElement":[{"@type":"ListItem","position":1,"name":"Inicio","item":"https:\/\/earlyinstitute.org\/sipimexico\/"},{"@type":"ListItem","position":2,"name":"Retos y estrategias para combatir la pobreza desde la primera infancia"}]},{"@type":"WebSite","@id":"https:\/\/earlyinstitute.org\/sipimexico\/#website","url":"https:\/\/earlyinstitute.org\/sipimexico\/","name":"Sistema de Indicadores","description":"Early Institute","publisher":{"@id":"https:\/\/earlyinstitute.org\/sipimexico\/#organization"},"potentialAction":[{"@type":"SearchAction","target":{"@type":"EntryPoint","urlTemplate":"https:\/\/earlyinstitute.org\/sipimexico\/?s={search_term_string}"},"query-input":{"@type":"PropertyValueSpecification","valueRequired":true,"valueName":"search_term_string"}}],"inLanguage":"es"},{"@type":"Organization","@id":"https:\/\/earlyinstitute.org\/sipimexico\/#organization","name":"Sistema de Indicadores","url":"https:\/\/earlyinstitute.org\/sipimexico\/","logo":{"@type":"ImageObject","inLanguage":"es","@id":"https:\/\/earlyinstitute.org\/sipimexico\/#\/schema\/logo\/image\/","url":"https:\/\/earlyinstitute.org\/sipimexico\/wp-content\/uploads\/2021\/11\/sipi-xl.png","contentUrl":"https:\/\/earlyinstitute.org\/sipimexico\/wp-content\/uploads\/2021\/11\/sipi-xl.png","width":870,"height":522,"caption":"Sistema de Indicadores"},"image":{"@id":"https:\/\/earlyinstitute.org\/sipimexico\/#\/schema\/logo\/image\/"}},{"@type":"Person","@id":"https:\/\/earlyinstitute.org\/sipimexico\/#\/schema\/person\/be99119f1e95785ad13e4d367fdc593e","name":"kfna","image":{"@type":"ImageObject","inLanguage":"es","@id":"https:\/\/earlyinstitute.org\/sipimexico\/#\/schema\/person\/image\/","url":"https:\/\/secure.gravatar.com\/avatar\/934c96361ac418dce43758253e362fa8785fab2e4f8927e3a87ce1a5055ea229?s=96&d=mm&r=g","contentUrl":"https:\/\/secure.gravatar.com\/avatar\/934c96361ac418dce43758253e362fa8785fab2e4f8927e3a87ce1a5055ea229?s=96&d=mm&r=g","caption":"kfna"},"sameAs":["http:\/\/dev.kfna.org\/early\/sie"],"url":"https:\/\/earlyinstitute.org\/sipimexico\/author\/kfna\/"}]}},"_links":{"self":[{"href":"https:\/\/earlyinstitute.org\/sipimexico\/wp-json\/wp\/v2\/posts\/2869","targetHints":{"allow":["GET"]}}],"collection":[{"href":"https:\/\/earlyinstitute.org\/sipimexico\/wp-json\/wp\/v2\/posts"}],"about":[{"href":"https:\/\/earlyinstitute.org\/sipimexico\/wp-json\/wp\/v2\/types\/post"}],"author":[{"embeddable":true,"href":"https:\/\/earlyinstitute.org\/sipimexico\/wp-json\/wp\/v2\/users\/1"}],"replies":[{"embeddable":true,"href":"https:\/\/earlyinstitute.org\/sipimexico\/wp-json\/wp\/v2\/comments?post=2869"}],"version-history":[{"count":23,"href":"https:\/\/earlyinstitute.org\/sipimexico\/wp-json\/wp\/v2\/posts\/2869\/revisions"}],"predecessor-version":[{"id":3641,"href":"https:\/\/earlyinstitute.org\/sipimexico\/wp-json\/wp\/v2\/posts\/2869\/revisions\/3641"}],"wp:featuredmedia":[{"embeddable":true,"href":"https:\/\/earlyinstitute.org\/sipimexico\/wp-json\/wp\/v2\/media\/2871"}],"wp:attachment":[{"href":"https:\/\/earlyinstitute.org\/sipimexico\/wp-json\/wp\/v2\/media?parent=2869"}],"wp:term":[{"taxonomy":"category","embeddable":true,"href":"https:\/\/earlyinstitute.org\/sipimexico\/wp-json\/wp\/v2\/categories?post=2869"},{"taxonomy":"post_tag","embeddable":true,"href":"https:\/\/earlyinstitute.org\/sipimexico\/wp-json\/wp\/v2\/tags?post=2869"}],"curies":[{"name":"wp","href":"https:\/\/api.w.org\/{rel}","templated":true}]}}